{"id":17729,"date":"2019-03-17T13:43:56","date_gmt":"2019-03-17T13:43:56","guid":{"rendered":"https:\/\/venica.it\/unkategorisiert\/prowein-17-19-marzo-2019\/"},"modified":"2022-06-01T14:06:03","modified_gmt":"2022-06-01T14:06:03","slug":"prowein-17-19-marzo-2019","status":"publish","type":"post","link":"https:\/\/venica.it\/de\/news-de\/prowein-17-19-marzo-2019\/","title":{"rendered":"PROWEIN\u00a0\u2022\u00a017-19 M\u00e4rz 2019"},"content":{"rendered":"<div class=\"wpb_text_column wpb_content_element \">\n<div class=\"wpb_wrapper\">\n<p>17\/03\/2019<\/p>\n<p><span class=\"s1\">D\u00fcsseldorf<\/span><\/p>\n<p>Auch in diesem Jahr sind wir wieder auf der ProWein in D\u00fcsseldorf vom 17. bis 19. M\u00e4rz 2019 auf dem Stand unserer Generalvertretung f\u00fcr Deutschland Vip Weine in Halle 16 Stand H60 vertreten.<\/p>\n<p>Die Messe ist f\u00fcr uns ein wichtiges Ereignis, um zu zeigen, wie wichtig uns die Qualit\u00e4t unserer Weine und die Nachhaltigkeit unserer Arbeit sind ... grundlegende Punkte unserer Firmenphilosophie.<\/p>\n<p>&nbsp;<\/p>\n<p>Hier ist unser VENICA-Team in D\u00fcsseldorf:<br \/>\nGiampaolo Venica, Gianni Venica und Ornella Venica.<\/p>\n<\/div>\n<\/div>\n<div class=\"wpb_single_image wpb_content_element vc_align_center\">\n<div class=\"wpb_wrapper\">\n<div class=\"vc_single_image-wrapper vc_box_border_grey\"><img loading=\"lazy\" decoding=\"async\" class=\"vc_single_image-img attachment-full\" src=\"https:\/\/venica.it\/wp-content\/uploads\/2019\/03\/IMG_8768-_mod-_Venica-Venica-_ProWein-_ii.jpg\" sizes=\"(max-width: 2161px) 100vw, 2161px\" srcset=\"https:\/\/venica.it\/wp-content\/uploads\/2019\/03\/IMG_8768-_mod-_Venica-Venica-_ProWein-_ii.jpg 2161w, https:\/\/venica.it\/wp-content\/uploads\/2019\/03\/IMG_8768-_mod-_Venica-Venica-_ProWein-_ii-241x300.jpg 241w, https:\/\/venica.it\/wp-content\/uploads\/2019\/03\/IMG_8768-_mod-_Venica-Venica-_ProWein-_ii-768x957.jpg 768w, https:\/\/venica.it\/wp-content\/uploads\/2019\/03\/IMG_8768-_mod-_Venica-Venica-_ProWein-_ii-821x1024.jpg 821w, https:\/\/venica.it\/wp-content\/uploads\/2019\/03\/IMG_8768-_mod-_Venica-Venica-_ProWein-_ii-700x873.jpg 700w\" alt=\"prowein\" width=\"2161\" height=\"2694\" \/><\/div>\n<\/div>\n<\/div>\n<div class=\"vc_empty_space\"><\/div>\n<p><!--more--><\/p>\n","protected":false},"excerpt":{"rendered":"<p>17\/03\/2019 D\u00fcsseldorf Auch in diesem Jahr sind wir wieder auf der ProWein in D\u00fcsseldorf vom 17. bis 19. M\u00e4rz 2019 auf dem Stand unserer Generalvertretung f\u00fcr Deutschland Vip Weine in Halle 16 Stand H60 vertreten. Die Messe ist f\u00fcr uns ein wichtiges Ereignis, um zu zeigen, wie wichtig uns die Qualit\u00e4t unserer Weine und die [&hellip;]<\/p>\n","protected":false},"author":4,"featured_media":0,"comment_status":"open","ping_status":"closed","sticky":false,"template":"","format":"standard","meta":{"_acf_changed":false,"footnotes":""},"categories":[262,286],"tags":[270,288],"class_list":["post-17729","post","type-post","status-publish","format-standard","hentry","category-news-de","category-2019-de","tag-premi-e-press-de","tag-veranstaltungen"],"acf":[],"_links":{"self":[{"href":"https:\/\/venica.it\/de\/wp-json\/wp\/v2\/posts\/17729","targetHints":{"allow":["GET"]}}],"collection":[{"href":"https:\/\/venica.it\/de\/wp-json\/wp\/v2\/posts"}],"about":[{"href":"https:\/\/venica.it\/de\/wp-json\/wp\/v2\/types\/post"}],"author":[{"embeddable":true,"href":"https:\/\/venica.it\/de\/wp-json\/wp\/v2\/users\/4"}],"replies":[{"embeddable":true,"href":"https:\/\/venica.it\/de\/wp-json\/wp\/v2\/comments?post=17729"}],"version-history":[{"count":1,"href":"https:\/\/venica.it\/de\/wp-json\/wp\/v2\/posts\/17729\/revisions"}],"predecessor-version":[{"id":17731,"href":"https:\/\/venica.it\/de\/wp-json\/wp\/v2\/posts\/17729\/revisions\/17731"}],"wp:attachment":[{"href":"https:\/\/venica.it\/de\/wp-json\/wp\/v2\/media?parent=17729"}],"wp:term":[{"taxonomy":"category","embeddable":true,"href":"https:\/\/venica.it\/de\/wp-json\/wp\/v2\/categories?post=17729"},{"taxonomy":"post_tag","embeddable":true,"href":"https:\/\/venica.it\/de\/wp-json\/wp\/v2\/tags?post=17729"}],"curies":[{"name":"wp","href":"https:\/\/api.w.org\/{rel}","templated":true}]}}